{"id":9340,"date":"2024-11-09T15:21:09","date_gmt":"2024-11-09T15:21:09","guid":{"rendered":"https:\/\/revistatrend.com\/?p=9340"},"modified":"2024-11-09T15:21:09","modified_gmt":"2024-11-09T15:21:09","slug":"eshte-xheloze-por-e-kupton-profesionin-tim-mc-kresha-tregon-njohjen-me-partneren","status":"publish","type":"post","link":"https:\/\/revistatrend.com\/index.php\/2024\/11\/09\/eshte-xheloze-por-e-kupton-profesionin-tim-mc-kresha-tregon-njohjen-me-partneren\/","title":{"rendered":"&#8220;\u00cbsht\u00eb xheloze por e kupton profesionin tim&#8221;\/ Mc Kresha tregon njohjen me partneren!"},"content":{"rendered":"<p>K\u00ebng\u00ebtari i njohur, Mc Kresha, s\u00eb fundmi ka treguar n\u00eb nj\u00eb intervist\u00eb historin\u00eb sesi \u00ebsht\u00eb njohur me dashurin\u00eb e tij dhe tashm\u00eb bashk\u00ebshort\u00ebn, Erzin\u00ebn me t\u00eb cil\u00ebn ndan dy f\u00ebmij\u00eb.<\/p>\n<p>Ai ka rr\u00ebfyer se e gjitha nisi p\u00ebr dit\u00eblindjen e 30-t\u00eb t\u00eb saj\u00ebn. Mc Kresha ishte idhulli i i Erzin\u00ebs dhe ajo kishte k\u00ebrkuar ta kishte pjes\u00eb t\u00eb fest\u00ebs p\u00ebr t\u00eb k\u00ebnduar.<\/p>\n<p>\u201cAt\u00eb dit\u00eb m\u00eb kontaktuan q\u00eb t\u2019i b\u00ebja urimin nj\u00eb vajze q\u00eb m\u00eb donte shum\u00eb. Nuk e dija q\u00eb ajo ishte Erzina dhe as q\u00eb po festonte 30-vjetorin. M\u00eb von\u00eb u m\u00ebsova p\u00ebr k\u00ebt\u00eb dhe vendosa t\u00eb shkoj tek sht\u00ebpia e saj p\u00ebr t\u2019i b\u00ebr\u00eb urimin pasi me kishte z\u00ebn\u00eb gjumi dhe nuk arrita dot t\u00eb shkoj tek festa e saj\u201d.<\/p>\n<p>Nd\u00ebr t\u00eb tjera ai shtoi se at\u00eb nat\u00eb atij iu anulua koncerti q\u00eb do t\u00eb shkonte p\u00ebr shkak t\u00eb shiut dhe kishte kaluar nat\u00ebn n\u00ebn shoq\u00ebrin\u00eb e Erzin\u00ebs ku dhe kishin shk\u00ebmbyer edhe puthjen e par\u00eb.<\/p>\n<p>&#8220;At\u00eb nat\u00eb koncerti jon\u00eb u anulua p\u00ebr shkak t\u00eb shiut, dhe un\u00eb dola me Erzin\u00ebn p\u00ebr t\u00eb festuar dit\u00eblindjen e saj me miqt\u00eb dhe familjar\u00ebt e saj.\u201d<\/p>\n<p>Teksa u pyet nga moderatorja n\u00ebse ndodhi ndonj\u00eb gj mes tyre at\u00eb nat\u00eb Mc Kresha u shpreh: \u201cPo, ndodhi nj\u00eb puthje, jam i suksessh\u00ebm\u201d tha k\u00ebng\u00ebtari duke qeshur. Gjat\u00eb nj\u00eb interviste, ai foli p\u00ebr bashk\u00ebshorten e tij dhe se si ndryshoi jeta pas martese.<\/p>\n<p>MC Kresha theksoi se Erzina \u00ebsht\u00eb nj\u00eb grua e jasht\u00ebzakonshme, q\u00eb kujdeset p\u00ebr familjen. Ai shtoi se ajo \u00ebsht\u00eb xheloze, por n\u00ebse nuk do ishte at\u00ebher\u00eb nuk do e dashuronte.<\/p>\n<p>\u201cBashk\u00ebshortja ime \u00ebsht\u00eb e jasht\u00ebzakonshme, kujdeset p\u00ebr familjen e saj dhe timen, \u00ebsht\u00eb njeri i dashur. \u00cbsht\u00eb xheloze, po t\u00eb mos ishte nuk do e doja. Normal xhelozia ka disa kufij, dhe gruaja ime e kupton q\u00eb profesioni im \u00ebsht\u00eb ekstravagant. Kur u martova kalova n\u00eb nj\u00eb stad tjet\u00ebr, familjar dhe k\u00ebt\u00eb pun\u00ebn e hip hop e shohim profesion, kur isha beqar e kisha lifestyle, gjith\u00e7ka. Sot jemi prind\u00ebr, bashk\u00ebshort pastaj jemi artist\u00eb\u201d, u shpreh ai.<\/p>\n","protected":false},"excerpt":{"rendered":"<p>K\u00ebng\u00ebtari i njohur, Mc Kresha, s\u00eb fundmi ka treguar n\u00eb nj\u00eb intervist\u00eb historin\u00eb sesi \u00ebsht\u00eb njohur me dashurin\u00eb e tij dhe tashm\u00eb bashk\u00ebshort\u00ebn, Erzin\u00ebn me t\u00eb cil\u00ebn ndan dy f\u00ebmij\u00eb. Ai ka rr\u00ebfyer se e gjitha nisi p\u00ebr dit\u00eblindjen e 30-t\u00eb t\u00eb saj\u00ebn. Mc Kresha ishte idhulli i i Erzin\u00ebs dhe ajo kishte k\u00ebrkuar ta<\/p>\n","protected":false},"author":1,"featured_media":9341,"comment_status":"open","ping_status":"open","sticky":false,"template":"","format":"standard","meta":{"footnotes":""},"categories":[6,10],"tags":[],"class_list":{"0":"post-9340","1":"post","2":"type-post","3":"status-publish","4":"format-standard","5":"has-post-thumbnail","7":"category-events","8":"category-showbiz"},"_links":{"self":[{"href":"https:\/\/revistatrend.com\/index.php\/wp-json\/wp\/v2\/posts\/9340","targetHints":{"allow":["GET"]}}],"collection":[{"href":"https:\/\/revistatrend.com\/index.php\/wp-json\/wp\/v2\/posts"}],"about":[{"href":"https:\/\/revistatrend.com\/index.php\/wp-json\/wp\/v2\/types\/post"}],"author":[{"embeddable":true,"href":"https:\/\/revistatrend.com\/index.php\/wp-json\/wp\/v2\/users\/1"}],"replies":[{"embeddable":true,"href":"https:\/\/revistatrend.com\/index.php\/wp-json\/wp\/v2\/comments?post=9340"}],"version-history":[{"count":1,"href":"https:\/\/revistatrend.com\/index.php\/wp-json\/wp\/v2\/posts\/9340\/revisions"}],"predecessor-version":[{"id":9342,"href":"https:\/\/revistatrend.com\/index.php\/wp-json\/wp\/v2\/posts\/9340\/revisions\/9342"}],"wp:featuredmedia":[{"embeddable":true,"href":"https:\/\/revistatrend.com\/index.php\/wp-json\/wp\/v2\/media\/9341"}],"wp:attachment":[{"href":"https:\/\/revistatrend.com\/index.php\/wp-json\/wp\/v2\/media?parent=9340"}],"wp:term":[{"taxonomy":"category","embeddable":true,"href":"https:\/\/revistatrend.com\/index.php\/wp-json\/wp\/v2\/categories?post=9340"},{"taxonomy":"post_tag","embeddable":true,"href":"https:\/\/revistatrend.com\/index.php\/wp-json\/wp\/v2\/tags?post=9340"}],"curies":[{"name":"wp","href":"https:\/\/api.w.org\/{rel}","templated":true}]}}