{"id":9358,"date":"2024-11-11T18:20:00","date_gmt":"2024-11-11T18:20:00","guid":{"rendered":"https:\/\/revistatrend.com\/?p=9358"},"modified":"2024-11-11T18:20:00","modified_gmt":"2024-11-11T18:20:00","slug":"vajza-simpatike-e-manjatit-amerikan-ivanka-trump-lihet-jashte-qeverise","status":"publish","type":"post","link":"https:\/\/revistatrend.com\/index.php\/2024\/11\/11\/vajza-simpatike-e-manjatit-amerikan-ivanka-trump-lihet-jashte-qeverise\/","title":{"rendered":"Vajza simpatike e manjatit amerikan, Ivanka Trump lihet jasht\u00eb qeveris\u00eb!"},"content":{"rendered":"<p>Vajza e dashur e Donald Trump, Ivanka dhe bashk\u00ebshorti i saj Jared Kushner kan\u00eb q\u00ebndruar larg syrit t\u00eb publikut n\u00eb fushat\u00ebn elektorale t\u00eb t\u00eb atit. Kushner\u00ebt kan\u00eb vendosur prej koh\u00ebsh t\u00eb q\u00ebndrojn\u00eb larg Sht\u00ebpis\u00eb s\u00eb Bardh\u00eb. Praktikisht n\u00eb munges\u00eb t\u00eb fushat\u00ebs s\u00eb babait t\u00eb saj, n\u00ebna e tre f\u00ebmij\u00ebve Ivanka Trump ishte n\u00eb krah kur ai mbajti fjalimin e fitores n\u00eb Palm Beach.<br \/>\nE veshur me nj\u00eb kostum blu prej kadifeje, Ivanka, e cila \u00ebsht\u00eb f\u00ebmija m\u00eb i madh i Trump, t\u00ebrhoqi s\u00ebrish t\u00eb gjith\u00eb v\u00ebmendjen n\u00eb Florida. Si\u00e7 raporton Daily Mail, shum\u00eb njer\u00ebz komentuan kostumin blu prej kadifeje t\u00eb Ivank\u00ebs n\u00eb nat\u00ebn e zgjedhjeve. Dhe disa goj\u00eb t\u00eb liga nxituan t\u00eb thoshin se ajo do t\u00eb preferonte nj\u00eb fitore p\u00ebr rivalen politike t\u00eb babait t\u00eb saj, Kamala Harris. &#8220;Nga t\u00eb gjitha ngjyrat. .. pse veshi blun\u00eb (ngjyr\u00ebn e demokrat\u00ebve)?&#8221;, pyet nj\u00eb ndjek\u00ebs n\u00eb rrjetet sociale.<\/p>\n<p>\u201cA ka veshur vajza e Trump nj\u00eb nuanc\u00eb t\u00eb blus\u00eb s\u00eb demokrat\u00ebve? Dhe ajo q\u00ebndroi shum\u00eb larg Trump-it dhe pjes\u00ebs tjet\u00ebr t\u00eb familjes&#8230;\u201d, tha nj\u00eb ndjek\u00ebs n\u00eb Platform\u00ebn X. Ndaj tani pyesin veten n\u00ebse ajo do t\u00eb jet\u00eb nj\u00eb nga drejtueset n\u00eb administrat\u00ebn e re t\u00eb Trump?<br \/>\nVajza simpatike e manjatit amerikan ishte n\u00eb qend\u00ebr t\u00eb fushat\u00ebs s\u00eb babait t\u00eb saj n\u00eb 2016-\u00ebn dhe 2020-\u00ebn. Ajo u p\u00ebrfshi n\u00eb m\u00ebnyr\u00eb aktive n\u00eb fushat\u00ebn presidenciale t\u00eb vitit 2016, dhe kaloi pragun e Sht\u00ebpis\u00eb s\u00eb Bardh\u00eb n\u00eb 2017-\u00ebn p\u00ebr ta ndihmuar nga af\u00ebr.<br \/>\n&#8220;Jivankas&#8221;, si\u00e7 i quajn\u00eb shum\u00eb nga bashkimi i emrave t\u00eb tyre, q\u00ebndruan n\u00eb detyr\u00eb deri n\u00eb vitin 2021, kur i mbaroi mandati i Trump-it.<br \/>\nDhe ndikimi q\u00eb ata pat\u00ebn te Donald Trump nuk mund t\u00eb kund\u00ebrshtohet nga askush. P\u00ebr Ivank\u00ebn \u00ebsht\u00eb th\u00ebn\u00eb prej koh\u00ebsh se ajo ishte \u201cZonja e Par\u00eb\u201d e SHBA-s\u00eb dhe jo njerka e saj, Melania Trump.<\/p>\n","protected":false},"excerpt":{"rendered":"<p>Vajza e dashur e Donald Trump, Ivanka dhe bashk\u00ebshorti i saj Jared Kushner kan\u00eb q\u00ebndruar larg syrit t\u00eb publikut n\u00eb fushat\u00ebn elektorale t\u00eb t\u00eb atit. Kushner\u00ebt kan\u00eb vendosur prej koh\u00ebsh t\u00eb q\u00ebndrojn\u00eb larg Sht\u00ebpis\u00eb s\u00eb Bardh\u00eb. Praktikisht n\u00eb munges\u00eb t\u00eb fushat\u00ebs s\u00eb babait t\u00eb saj, n\u00ebna e tre f\u00ebmij\u00ebve Ivanka Trump ishte n\u00eb krah kur<\/p>\n","protected":false},"author":1,"featured_media":9359,"comment_status":"open","ping_status":"open","sticky":false,"template":"","format":"standard","meta":{"footnotes":""},"categories":[10],"tags":[],"class_list":{"0":"post-9358","1":"post","2":"type-post","3":"status-publish","4":"format-standard","5":"has-post-thumbnail","7":"category-showbiz"},"_links":{"self":[{"href":"https:\/\/revistatrend.com\/index.php\/wp-json\/wp\/v2\/posts\/9358","targetHints":{"allow":["GET"]}}],"collection":[{"href":"https:\/\/revistatrend.com\/index.php\/wp-json\/wp\/v2\/posts"}],"about":[{"href":"https:\/\/revistatrend.com\/index.php\/wp-json\/wp\/v2\/types\/post"}],"author":[{"embeddable":true,"href":"https:\/\/revistatrend.com\/index.php\/wp-json\/wp\/v2\/users\/1"}],"replies":[{"embeddable":true,"href":"https:\/\/revistatrend.com\/index.php\/wp-json\/wp\/v2\/comments?post=9358"}],"version-history":[{"count":1,"href":"https:\/\/revistatrend.com\/index.php\/wp-json\/wp\/v2\/posts\/9358\/revisions"}],"predecessor-version":[{"id":9360,"href":"https:\/\/revistatrend.com\/index.php\/wp-json\/wp\/v2\/posts\/9358\/revisions\/9360"}],"wp:featuredmedia":[{"embeddable":true,"href":"https:\/\/revistatrend.com\/index.php\/wp-json\/wp\/v2\/media\/9359"}],"wp:attachment":[{"href":"https:\/\/revistatrend.com\/index.php\/wp-json\/wp\/v2\/media?parent=9358"}],"wp:term":[{"taxonomy":"category","embeddable":true,"href":"https:\/\/revistatrend.com\/index.php\/wp-json\/wp\/v2\/categories?post=9358"},{"taxonomy":"post_tag","embeddable":true,"href":"https:\/\/revistatrend.com\/index.php\/wp-json\/wp\/v2\/tags?post=9358"}],"curies":[{"name":"wp","href":"https:\/\/api.w.org\/{rel}","templated":true}]}}