{"id":9634,"date":"2024-11-29T11:53:25","date_gmt":"2024-11-29T11:53:25","guid":{"rendered":"https:\/\/revistatrend.com\/?p=9634"},"modified":"2024-11-29T11:53:25","modified_gmt":"2024-11-29T11:53:25","slug":"aktori-i-njohur-dolph-lundgren-fiton-betejen-e-tij-me-kancerin","status":"publish","type":"post","link":"https:\/\/revistatrend.com\/index.php\/2024\/11\/29\/aktori-i-njohur-dolph-lundgren-fiton-betejen-e-tij-me-kancerin\/","title":{"rendered":"Aktori i njohur Dolph Lundgren fiton betej\u00ebn e tij me kancerin!"},"content":{"rendered":"<p>Aktori i njohur Dolph Lundgren ndau lajmin e mir\u00eb se m\u00eb n\u00eb fund ka arritur t\u00eb fitoj\u00eb betej\u00ebn e tij me kancerin. 67-vje\u00e7ari prej 9-vitesh u sfidua nga s\u00ebmundja, nga e cila mjek\u00ebt i kishin th\u00ebn\u00eb se nuk i kishte mbetur edhe shum\u00eb vite jet\u00eb. Me an\u00eb t\u00eb nj\u00eb postimi n\u00eb Instagramin e tij, aktori ka njoftuar se k\u00ebtij udh\u00ebtimi t\u00eb v\u00ebshtir\u00eb po i vjen fundi. \u201cJa ku jam n\u00eb UCLA, gati t\u00eb shp\u00ebtoj nga ky tumor. Meqen\u00ebse nuk ka m\u00eb qeliza kanceroze n\u00eb trupin tim, mendoj se po sh\u00ebrohem, k\u00ebshtu q\u00eb mezi po e pres k\u00ebt\u00eb procedur\u00eb t\u00eb fundit\u201d, shprehet Lundgren.<br \/>\nDolph shtoi se ishte nj\u00eb udh\u00ebtim i v\u00ebshtir\u00eb p\u00ebr t\u00eb por i vlejti pasi i ka m\u00ebsuar t\u00eb vler\u00ebsoj\u00eb jet\u00ebn. \u201cIshte nj\u00eb udh\u00ebtim i v\u00ebshtir\u00eb dhe me t\u00eb v\u00ebrtet\u00eb m\u00eb m\u00ebsoi se si t\u00eb jetoj dhe t\u00eb shijoj \u00e7do moment t\u00eb jet\u00ebs. M\u00eb n\u00eb fund pa kancer me mir\u00ebnjohje dhe emocione p\u00ebr nj\u00eb t\u00eb ardhme t\u00eb ndritur. Faleminderit p\u00ebr gjith\u00eb mb\u00ebshtetjen tuaj&#8221;, ka shtuar aktori.<\/p>\n","protected":false},"excerpt":{"rendered":"<p>Aktori i njohur Dolph Lundgren ndau lajmin e mir\u00eb se m\u00eb n\u00eb fund ka arritur t\u00eb fitoj\u00eb betej\u00ebn e tij me kancerin. 67-vje\u00e7ari prej 9-vitesh u sfidua nga s\u00ebmundja, nga e cila mjek\u00ebt i kishin th\u00ebn\u00eb se nuk i kishte mbetur edhe shum\u00eb vite jet\u00eb. Me an\u00eb t\u00eb nj\u00eb postimi n\u00eb Instagramin e tij, aktori<\/p>\n","protected":false},"author":1,"featured_media":9635,"comment_status":"open","ping_status":"open","sticky":false,"template":"","format":"standard","meta":{"footnotes":""},"categories":[10],"tags":[],"class_list":{"0":"post-9634","1":"post","2":"type-post","3":"status-publish","4":"format-standard","5":"has-post-thumbnail","7":"category-showbiz"},"_links":{"self":[{"href":"https:\/\/revistatrend.com\/index.php\/wp-json\/wp\/v2\/posts\/9634","targetHints":{"allow":["GET"]}}],"collection":[{"href":"https:\/\/revistatrend.com\/index.php\/wp-json\/wp\/v2\/posts"}],"about":[{"href":"https:\/\/revistatrend.com\/index.php\/wp-json\/wp\/v2\/types\/post"}],"author":[{"embeddable":true,"href":"https:\/\/revistatrend.com\/index.php\/wp-json\/wp\/v2\/users\/1"}],"replies":[{"embeddable":true,"href":"https:\/\/revistatrend.com\/index.php\/wp-json\/wp\/v2\/comments?post=9634"}],"version-history":[{"count":1,"href":"https:\/\/revistatrend.com\/index.php\/wp-json\/wp\/v2\/posts\/9634\/revisions"}],"predecessor-version":[{"id":9636,"href":"https:\/\/revistatrend.com\/index.php\/wp-json\/wp\/v2\/posts\/9634\/revisions\/9636"}],"wp:featuredmedia":[{"embeddable":true,"href":"https:\/\/revistatrend.com\/index.php\/wp-json\/wp\/v2\/media\/9635"}],"wp:attachment":[{"href":"https:\/\/revistatrend.com\/index.php\/wp-json\/wp\/v2\/media?parent=9634"}],"wp:term":[{"taxonomy":"category","embeddable":true,"href":"https:\/\/revistatrend.com\/index.php\/wp-json\/wp\/v2\/categories?post=9634"},{"taxonomy":"post_tag","embeddable":true,"href":"https:\/\/revistatrend.com\/index.php\/wp-json\/wp\/v2\/tags?post=9634"}],"curies":[{"name":"wp","href":"https:\/\/api.w.org\/{rel}","templated":true}]}}