{"id":9645,"date":"2024-11-29T12:15:42","date_gmt":"2024-11-29T12:15:42","guid":{"rendered":"https:\/\/revistatrend.com\/?p=9645"},"modified":"2024-11-29T12:15:42","modified_gmt":"2024-11-29T12:15:42","slug":"moti-i-keq-ne-vend-debora-mbulon-disa-zona-ne-veri-te-vendit","status":"publish","type":"post","link":"https:\/\/revistatrend.com\/index.php\/2024\/11\/29\/moti-i-keq-ne-vend-debora-mbulon-disa-zona-ne-veri-te-vendit\/","title":{"rendered":"Moti i keq n\u00eb vend, d\u00ebbora mbulon disa zona n\u00eb veri t\u00eb vendit!"},"content":{"rendered":"<p>Shqip\u00ebria \u00ebsht\u00eb p\u00ebrfshir\u00eb nga moti i paq\u00ebndruesh\u00ebm, ku n\u00eb disa zona ka pasur edhe problematika si pasoj\u00eb e reshjeve t\u00eb dendura t\u00eb shiut.<\/p>\n<p>\u201cReshje shiu me intensitet mesatar kan\u00eb p\u00ebrshkuar vendin duke sjell\u00eb r\u00ebnie gur\u00ebsh e inertesh t\u00eb cilat jan\u00eb pastruar menj\u00ebher\u00eb pa sjell\u00eb probleme n\u00eb qarkullimin e mjeteve. N\u00eb Ura e Zapodit-Shishtavec, n\u00eb Bog\u00eb-Theth dhe n\u00eb Tamar\u00eb-Vermosh ka pasur reshje d\u00ebbore. Grupet e pun\u00ebs me mjetet bor\u00ebpastruese jan\u00eb n\u00eb terren dhe kan\u00eb b\u00ebr\u00eb pastrimin e rrug\u00ebs.<\/p>\n<p>Drejtuesit e mjeteve t\u00eb ken\u00eb kujdes t\u00eb shtuar gjat\u00eb drejtimit t\u00eb mjetit p\u00ebr shkak t\u00eb lag\u00ebshtis\u00eb n\u00eb rrug\u00eb\u201d, njofton ARRSH.<\/p>\n","protected":false},"excerpt":{"rendered":"<p>Shqip\u00ebria \u00ebsht\u00eb p\u00ebrfshir\u00eb nga moti i paq\u00ebndruesh\u00ebm, ku n\u00eb disa zona ka pasur edhe problematika si pasoj\u00eb e reshjeve t\u00eb dendura t\u00eb shiut. \u201cReshje shiu me intensitet mesatar kan\u00eb p\u00ebrshkuar vendin duke sjell\u00eb r\u00ebnie gur\u00ebsh e inertesh t\u00eb cilat jan\u00eb pastruar menj\u00ebher\u00eb pa sjell\u00eb probleme n\u00eb qarkullimin e mjeteve. N\u00eb Ura e Zapodit-Shishtavec, n\u00eb Bog\u00eb-Theth<\/p>\n","protected":false},"author":1,"featured_media":9646,"comment_status":"open","ping_status":"open","sticky":false,"template":"","format":"standard","meta":{"footnotes":""},"categories":[38],"tags":[],"class_list":{"0":"post-9645","1":"post","2":"type-post","3":"status-publish","4":"format-standard","5":"has-post-thumbnail","7":"category-reality-tv"},"_links":{"self":[{"href":"https:\/\/revistatrend.com\/index.php\/wp-json\/wp\/v2\/posts\/9645","targetHints":{"allow":["GET"]}}],"collection":[{"href":"https:\/\/revistatrend.com\/index.php\/wp-json\/wp\/v2\/posts"}],"about":[{"href":"https:\/\/revistatrend.com\/index.php\/wp-json\/wp\/v2\/types\/post"}],"author":[{"embeddable":true,"href":"https:\/\/revistatrend.com\/index.php\/wp-json\/wp\/v2\/users\/1"}],"replies":[{"embeddable":true,"href":"https:\/\/revistatrend.com\/index.php\/wp-json\/wp\/v2\/comments?post=9645"}],"version-history":[{"count":1,"href":"https:\/\/revistatrend.com\/index.php\/wp-json\/wp\/v2\/posts\/9645\/revisions"}],"predecessor-version":[{"id":9647,"href":"https:\/\/revistatrend.com\/index.php\/wp-json\/wp\/v2\/posts\/9645\/revisions\/9647"}],"wp:featuredmedia":[{"embeddable":true,"href":"https:\/\/revistatrend.com\/index.php\/wp-json\/wp\/v2\/media\/9646"}],"wp:attachment":[{"href":"https:\/\/revistatrend.com\/index.php\/wp-json\/wp\/v2\/media?parent=9645"}],"wp:term":[{"taxonomy":"category","embeddable":true,"href":"https:\/\/revistatrend.com\/index.php\/wp-json\/wp\/v2\/categories?post=9645"},{"taxonomy":"post_tag","embeddable":true,"href":"https:\/\/revistatrend.com\/index.php\/wp-json\/wp\/v2\/tags?post=9645"}],"curies":[{"name":"wp","href":"https:\/\/api.w.org\/{rel}","templated":true}]}}