{"id":9666,"date":"2024-12-02T15:39:56","date_gmt":"2024-12-02T15:39:56","guid":{"rendered":"https:\/\/revistatrend.com\/?p=9666"},"modified":"2024-12-02T15:39:56","modified_gmt":"2024-12-02T15:39:56","slug":"e-rende-media-italiane-e-shpall-te-vdekur-reagon-ashper-kledi-kadiu","status":"publish","type":"post","link":"https:\/\/revistatrend.com\/index.php\/2024\/12\/02\/e-rende-media-italiane-e-shpall-te-vdekur-reagon-ashper-kledi-kadiu\/","title":{"rendered":"E r\u00ebnd\u00eb! Media italiane e shpall t\u00eb vdekur, reagon ashp\u00ebr Kledi Kadiu!"},"content":{"rendered":"<p>Kledi Kadiu ka postuar nj\u00eb lajm n\u00eb Instagram nga nj\u00eb media italiane q\u00eb e kishte deklaruar t\u00eb vdekur.<\/p>\n<p>\u201cLamtumir\u00eb Kledi Kadiu, balerini i Amicit largohet shum\u00eb shpejt: iku! Ata u p\u00ebrpoq\u00ebn t\u00eb b\u00ebnin \u00e7do gj\u00eb.\u201d, \u00ebsht\u00eb titulli i medias.<\/p>\n<p>Nd\u00ebrsa Kledi ka shkruar: \u201cM\u00eb tregoni se kur do t\u00eb b\u00ebhet funerali, k\u00ebshtu q\u00eb t\u00eb kaloj p\u00ebr t\u00eb b\u00ebr\u00eb nj\u00eb p\u00ebrsh\u00ebndetje t\u00eb fundit.<\/p>\n","protected":false},"excerpt":{"rendered":"<p>Kledi Kadiu ka postuar nj\u00eb lajm n\u00eb Instagram nga nj\u00eb media italiane q\u00eb e kishte deklaruar t\u00eb vdekur. \u201cLamtumir\u00eb Kledi Kadiu, balerini i Amicit largohet shum\u00eb shpejt: iku! Ata u p\u00ebrpoq\u00ebn t\u00eb b\u00ebnin \u00e7do gj\u00eb.\u201d, \u00ebsht\u00eb titulli i medias. Nd\u00ebrsa Kledi ka shkruar: \u201cM\u00eb tregoni se kur do t\u00eb b\u00ebhet funerali, k\u00ebshtu q\u00eb t\u00eb kaloj<\/p>\n","protected":false},"author":1,"featured_media":9667,"comment_status":"open","ping_status":"open","sticky":false,"template":"","format":"standard","meta":{"footnotes":""},"categories":[10],"tags":[],"class_list":{"0":"post-9666","1":"post","2":"type-post","3":"status-publish","4":"format-standard","5":"has-post-thumbnail","7":"category-showbiz"},"_links":{"self":[{"href":"https:\/\/revistatrend.com\/index.php\/wp-json\/wp\/v2\/posts\/9666","targetHints":{"allow":["GET"]}}],"collection":[{"href":"https:\/\/revistatrend.com\/index.php\/wp-json\/wp\/v2\/posts"}],"about":[{"href":"https:\/\/revistatrend.com\/index.php\/wp-json\/wp\/v2\/types\/post"}],"author":[{"embeddable":true,"href":"https:\/\/revistatrend.com\/index.php\/wp-json\/wp\/v2\/users\/1"}],"replies":[{"embeddable":true,"href":"https:\/\/revistatrend.com\/index.php\/wp-json\/wp\/v2\/comments?post=9666"}],"version-history":[{"count":1,"href":"https:\/\/revistatrend.com\/index.php\/wp-json\/wp\/v2\/posts\/9666\/revisions"}],"predecessor-version":[{"id":9668,"href":"https:\/\/revistatrend.com\/index.php\/wp-json\/wp\/v2\/posts\/9666\/revisions\/9668"}],"wp:featuredmedia":[{"embeddable":true,"href":"https:\/\/revistatrend.com\/index.php\/wp-json\/wp\/v2\/media\/9667"}],"wp:attachment":[{"href":"https:\/\/revistatrend.com\/index.php\/wp-json\/wp\/v2\/media?parent=9666"}],"wp:term":[{"taxonomy":"category","embeddable":true,"href":"https:\/\/revistatrend.com\/index.php\/wp-json\/wp\/v2\/categories?post=9666"},{"taxonomy":"post_tag","embeddable":true,"href":"https:\/\/revistatrend.com\/index.php\/wp-json\/wp\/v2\/tags?post=9666"}],"curies":[{"name":"wp","href":"https:\/\/api.w.org\/{rel}","templated":true}]}}