{"id":9675,"date":"2024-12-02T15:44:27","date_gmt":"2024-12-02T15:44:27","guid":{"rendered":"https:\/\/revistatrend.com\/?p=9675"},"modified":"2024-12-02T15:44:27","modified_gmt":"2024-12-02T15:44:27","slug":"ti-je-ketu-mes-nesh-agron-llakaj-dedikim-bashkeshortes-per-ty-do-kete-vec-ditelindje","status":"publish","type":"post","link":"https:\/\/revistatrend.com\/index.php\/2024\/12\/02\/ti-je-ketu-mes-nesh-agron-llakaj-dedikim-bashkeshortes-per-ty-do-kete-vec-ditelindje\/","title":{"rendered":"&#8220;Ti je k\u00ebtu mes nesh&#8221;\/ Agron Llakaj dedikim bashk\u00ebshortes: P\u00ebr ty do ket\u00eb ve\u00e7 dit\u00eblindje!"},"content":{"rendered":"<p>Aktori i njohur Agron Llakaj ka prekur zemrat e ndjek\u00ebsve t\u00eb tij n\u00eb Instagram me nj\u00eb let\u00ebr t\u00eb ndjer\u00eb kushtuar bashk\u00ebshortes s\u00eb tij, Kostandin\u00ebs, e cila sot, m\u00eb 1 dhjetor, do t\u00eb festonte dit\u00eblindjen. N\u00eb postimin e tij, Llakaj ndan mallin dhe dhimbjen p\u00ebr humbjen e saj, duke kujtuar dit\u00eblindjen e fundit q\u00eb festuan s\u00eb bashku. \u201cSi sot nj\u00eb vit m\u00eb par\u00eb, festuam me g\u00ebzim, k\u00ebnduam me zjarr \u2018happy birthday\u2019 pa e ditur se kjo ishte torta e fundit me Ty. Sot, kjo dit\u00eblindje vjen e pakuptimt\u00eb pa pranin\u00eb t\u00ebnde,\u201d shkruan ai. Aktori p\u00ebrshkruan p\u00ebrditshm\u00ebrin\u00eb e tij t\u00eb p\u00ebrshkuar nga kujtimet, duke treguar se nj\u00eb tuf\u00eb lule dhe nj\u00eb qiri simbolizojn\u00eb dashurin\u00eb dhe respektin q\u00eb ruan p\u00ebr t\u00eb. \u201cShpirti yt vjen si flutur ose vegim. Ne k\u00ebrkojm\u00eb nj\u00eb shenj\u00eb nga Ty, duke shpresuar q\u00eb ai ylli q\u00eb ndri\u00e7on m\u00eb fort nat\u00ebn je Ti,\u201d shpreh ai me dhimbje. Llakaj p\u00ebrfundon letr\u00ebn me nj\u00eb mesazh dashurie dhe mir\u00ebnjohjeje: \u201cTi je k\u00ebtu, mes nesh, mes atyre q\u00eb t\u00eb desh\u00ebn aq shum\u00eb. P\u00ebr Ty do ket\u00eb ve\u00e7 Dit\u00eblindje! T\u00eb Dua!\u201d<\/p>\n","protected":false},"excerpt":{"rendered":"<p>Aktori i njohur Agron Llakaj ka prekur zemrat e ndjek\u00ebsve t\u00eb tij n\u00eb Instagram me nj\u00eb let\u00ebr t\u00eb ndjer\u00eb kushtuar bashk\u00ebshortes s\u00eb tij, Kostandin\u00ebs, e cila sot, m\u00eb 1 dhjetor, do t\u00eb festonte dit\u00eblindjen. N\u00eb postimin e tij, Llakaj ndan mallin dhe dhimbjen p\u00ebr humbjen e saj, duke kujtuar dit\u00eblindjen e fundit q\u00eb festuan s\u00eb<\/p>\n","protected":false},"author":1,"featured_media":9676,"comment_status":"open","ping_status":"open","sticky":false,"template":"","format":"standard","meta":{"footnotes":""},"categories":[10],"tags":[],"class_list":{"0":"post-9675","1":"post","2":"type-post","3":"status-publish","4":"format-standard","5":"has-post-thumbnail","7":"category-showbiz"},"_links":{"self":[{"href":"https:\/\/revistatrend.com\/index.php\/wp-json\/wp\/v2\/posts\/9675","targetHints":{"allow":["GET"]}}],"collection":[{"href":"https:\/\/revistatrend.com\/index.php\/wp-json\/wp\/v2\/posts"}],"about":[{"href":"https:\/\/revistatrend.com\/index.php\/wp-json\/wp\/v2\/types\/post"}],"author":[{"embeddable":true,"href":"https:\/\/revistatrend.com\/index.php\/wp-json\/wp\/v2\/users\/1"}],"replies":[{"embeddable":true,"href":"https:\/\/revistatrend.com\/index.php\/wp-json\/wp\/v2\/comments?post=9675"}],"version-history":[{"count":1,"href":"https:\/\/revistatrend.com\/index.php\/wp-json\/wp\/v2\/posts\/9675\/revisions"}],"predecessor-version":[{"id":9677,"href":"https:\/\/revistatrend.com\/index.php\/wp-json\/wp\/v2\/posts\/9675\/revisions\/9677"}],"wp:featuredmedia":[{"embeddable":true,"href":"https:\/\/revistatrend.com\/index.php\/wp-json\/wp\/v2\/media\/9676"}],"wp:attachment":[{"href":"https:\/\/revistatrend.com\/index.php\/wp-json\/wp\/v2\/media?parent=9675"}],"wp:term":[{"taxonomy":"category","embeddable":true,"href":"https:\/\/revistatrend.com\/index.php\/wp-json\/wp\/v2\/categories?post=9675"},{"taxonomy":"post_tag","embeddable":true,"href":"https:\/\/revistatrend.com\/index.php\/wp-json\/wp\/v2\/tags?post=9675"}],"curies":[{"name":"wp","href":"https:\/\/api.w.org\/{rel}","templated":true}]}}