{"id":9682,"date":"2024-12-03T15:55:08","date_gmt":"2024-12-03T15:55:08","guid":{"rendered":"https:\/\/revistatrend.com\/?p=9682"},"modified":"2024-12-03T15:55:08","modified_gmt":"2024-12-03T15:55:08","slug":"eno-birko-balerini-i-njohur-shqiptar-hidhet-nga-kati-i-5-te-i-pallatit-ne-zonen-e-ish-bllokut","status":"publish","type":"post","link":"https:\/\/revistatrend.com\/index.php\/2024\/12\/03\/eno-birko-balerini-i-njohur-shqiptar-hidhet-nga-kati-i-5-te-i-pallatit-ne-zonen-e-ish-bllokut\/","title":{"rendered":"Eno Birko, balerini i njohur shqiptar hidhet nga kati i  5-t\u00eb i pallatit n\u00eb zon\u00ebn e ish-bllokut!"},"content":{"rendered":"<p>Balerini i njohur shqiptar, Eno Birko raportohet se \u00ebsht\u00eb hedhur nga kati i pest\u00eb i pallatit ku jetonte n\u00eb ish-Bllok. M\u00ebsohet se ai ndodhet n\u00eb spital n\u00eb luft\u00eb p\u00ebr jet\u00ebn.<br \/>\nNgjarja ka ndodhur m\u00ebngjesin e sot\u00ebm, nd\u00ebrsa ende nuk ka nj\u00eb njoftim nga policia. Eno Birko p\u00ebr shum\u00eb vite ka qen\u00eb pjes\u00eb e sken\u00ebs s\u00eb Teatrit t\u00eb Operas dhe Baletit, dhe pas nj\u00eb operacioni p\u00ebr t\u00eb hernies diskale kaloi nj\u00eb periudh\u00eb t\u00eb err\u00ebt t\u00eb jet\u00ebs s\u00eb tij.<\/p>\n<p>Operacioni do ta largonte nga rolet si solist i par\u00eb dhe duartrokitjet e publikut, duke e \u00e7uar drejt alkoolit dhe izolimit nga bota.<\/p>\n<p>\u201cNdodhi q\u00eb un\u00eb lash\u00eb t\u00eb zhvillohej nj\u00eb problem sh\u00ebndet\u00ebsor q\u00eb e kisha aty prej vitesh, q\u00eb 18 vje\u00e7 apo m\u00eb her\u00ebt. Ndieja vazhdimisht dhimbje n\u00eb k\u00ebmb\u00eb, por n\u00eb koh\u00ebt e para nuk i kushtoja r\u00ebnd\u00ebsi, derisa situata u p\u00ebrkeq\u00ebsua. U vizitova dhe mjek\u00ebt m\u00eb than\u00eb se kisha hernie diskale dhe se duhej t\u2019i n\u00ebnshtrohesha operacionit. Si fillim nuk e konsiderova kaq serioze k\u00ebt\u00eb gj\u00eb, vazhdova baletin derisa sforcimi e dhimbja po ndiheshin gjithmon\u00eb e m\u00eb shum\u00eb. Erdhi koha q\u00eb vendosa t\u00eb operohem dhe k\u00ebtu nisi largimi q\u00eb askush, as un\u00eb, nuk e menduam se do t\u00eb zgjaste p\u00ebr aq shum\u00eb vite\u201d, tha ai n\u00eb nj\u00eb intervist\u00eb teksa u pyet p\u00ebr largimin nga puna.<\/p>\n<p>Eno Birko e cil\u00ebsoi k\u00ebt\u00eb periudh\u00eb si \u00ebndrr\u00ebn m\u00eb t\u00eb keqe t\u00eb jet\u00ebs se tij, por n\u00eb nj\u00eb intervist\u00eb s\u00eb realizuar m\u00eb 2016, balerini tregoi se ia doli t\u00eb dilte nga gjendja e depresionit dhe t\u00eb rikthehej n\u00eb sken\u00eb.<\/p>\n<p>\u201cNuk \u00ebsht\u00eb q\u00eb ndodhi di\u00e7ka konkrete. Un\u00eb vet\u00eb isha i nd\u00ebrgjegjsh\u00ebm q\u00eb e kisha tepruar me at\u00eb situat\u00eb, por ndoshta nuk isha ende gati t\u00eb ngrihesha. Ndryshimet nis\u00ebn me doza t\u00eb vogla dhe pa ndonj\u00eb plan madhor p\u00ebr t\u00eb ardhmen. Madje, mund t\u00eb them q\u00eb as m\u00eb shkonte n\u00ebp\u00ebr mend rikthimi n\u00eb sken\u00eb. Familjar\u00ebt, motrat dhe mamaja ishin gjithnj\u00eb aty dhe, s\u00eb pari, ishte p\u00ebr t\u00eb mos i par\u00eb m\u00eb ato t\u00eb vuanin q\u00eb gjeta forcat. Ishte fundvit dhe si\u00e7 jan\u00eb k\u00ebto ritualet e zakonshme me pun\u00ebt e sht\u00ebpis\u00eb, u ngrita e i thash\u00eb mamas\u00eb q\u00eb at\u00eb dit\u00eb do t\u00eb b\u00ebja gjith\u00e7ka un\u00eb, ajo t\u00eb mos prekte asgj\u00eb me dor\u00eb! Ashtu b\u00ebra. Nisa t\u00eb pastroj sht\u00ebpin\u00eb duke vall\u00ebzuar. Vazhdova t\u00eb veprova nj\u00ebsoj edhe n\u00eb dit\u00ebt n\u00eb vijim, duke mos pir\u00eb alkool, dhe ndjeva q\u00eb isha m\u00eb mir\u00eb. Kaluan k\u00ebshtu dy jav\u00eb, derisa pash\u00eb rezultatet e para t\u00eb r\u00ebnies n\u00eb pesh\u00eb. Gj\u00ebrat nis\u00ebn t\u00eb marrin pak ngjyr\u00eb, t\u00eb mos ishin m\u00eb t\u00eb err\u00ebta si\u00e7 i shihja m\u00eb par\u00eb\u201d, tha ai.<\/p>\n","protected":false},"excerpt":{"rendered":"<p>Balerini i njohur shqiptar, Eno Birko raportohet se \u00ebsht\u00eb hedhur nga kati i pest\u00eb i pallatit ku jetonte n\u00eb ish-Bllok. M\u00ebsohet se ai ndodhet n\u00eb spital n\u00eb luft\u00eb p\u00ebr jet\u00ebn. Ngjarja ka ndodhur m\u00ebngjesin e sot\u00ebm, nd\u00ebrsa ende nuk ka nj\u00eb njoftim nga policia. Eno Birko p\u00ebr shum\u00eb vite ka qen\u00eb pjes\u00eb e sken\u00ebs s\u00eb<\/p>\n","protected":false},"author":1,"featured_media":9683,"comment_status":"open","ping_status":"open","sticky":false,"template":"","format":"standard","meta":{"footnotes":""},"categories":[10],"tags":[],"class_list":{"0":"post-9682","1":"post","2":"type-post","3":"status-publish","4":"format-standard","5":"has-post-thumbnail","7":"category-showbiz"},"_links":{"self":[{"href":"https:\/\/revistatrend.com\/index.php\/wp-json\/wp\/v2\/posts\/9682","targetHints":{"allow":["GET"]}}],"collection":[{"href":"https:\/\/revistatrend.com\/index.php\/wp-json\/wp\/v2\/posts"}],"about":[{"href":"https:\/\/revistatrend.com\/index.php\/wp-json\/wp\/v2\/types\/post"}],"author":[{"embeddable":true,"href":"https:\/\/revistatrend.com\/index.php\/wp-json\/wp\/v2\/users\/1"}],"replies":[{"embeddable":true,"href":"https:\/\/revistatrend.com\/index.php\/wp-json\/wp\/v2\/comments?post=9682"}],"version-history":[{"count":1,"href":"https:\/\/revistatrend.com\/index.php\/wp-json\/wp\/v2\/posts\/9682\/revisions"}],"predecessor-version":[{"id":9684,"href":"https:\/\/revistatrend.com\/index.php\/wp-json\/wp\/v2\/posts\/9682\/revisions\/9684"}],"wp:featuredmedia":[{"embeddable":true,"href":"https:\/\/revistatrend.com\/index.php\/wp-json\/wp\/v2\/media\/9683"}],"wp:attachment":[{"href":"https:\/\/revistatrend.com\/index.php\/wp-json\/wp\/v2\/media?parent=9682"}],"wp:term":[{"taxonomy":"category","embeddable":true,"href":"https:\/\/revistatrend.com\/index.php\/wp-json\/wp\/v2\/categories?post=9682"},{"taxonomy":"post_tag","embeddable":true,"href":"https:\/\/revistatrend.com\/index.php\/wp-json\/wp\/v2\/tags?post=9682"}],"curies":[{"name":"wp","href":"https:\/\/api.w.org\/{rel}","templated":true}]}}