{"id":9685,"date":"2024-12-03T15:56:40","date_gmt":"2024-12-03T15:56:40","guid":{"rendered":"https:\/\/revistatrend.com\/?p=9685"},"modified":"2024-12-03T15:56:40","modified_gmt":"2024-12-03T15:56:40","slug":"pse-romanca-mes-cifteve-eshte-me-e-zjarrte-gjate-krishtlindjeve","status":"publish","type":"post","link":"https:\/\/revistatrend.com\/index.php\/2024\/12\/03\/pse-romanca-mes-cifteve-eshte-me-e-zjarrte-gjate-krishtlindjeve\/","title":{"rendered":"Pse romanca mes \u00e7ifteve \u00ebsht\u00eb m\u00eb e zjarrt\u00eb gjat\u00eb Krishtlindjeve!"},"content":{"rendered":"<p style=\"text-align: left;\">Mund t\u00eb jet\u00eb ftoht\u00eb jasht\u00eb, por gj\u00ebrat mund t\u00eb b\u00ebhen t\u00eb nxehta p\u00ebr shum\u00eb brenda sht\u00ebpis\u00eb. Nj\u00eb sondazh i ri zbulon se shtat\u00eb n\u00eb 10 t\u00eb rritur zakonisht kryejn\u00eb marr\u00ebdh\u00ebnie n\u00eb dit\u00ebn e Krishtlindjes.<br \/>\n\u201cSipas Qendr\u00ebs Komb\u00ebtare p\u00ebr Statistikat Sh\u00ebndet\u00ebsore, muajt gusht dhe shtator kan\u00eb m\u00eb shum\u00eb lindje \u00e7do vit\u201d, thot\u00eb Fred Petrenko i EdenFantasys n\u00eb nj\u00eb deklarat\u00eb.<\/p>\n<p>Kjo korrespondon n\u00eb m\u00ebnyr\u00eb t\u00eb p\u00ebrkryer me gjetjet tona se aktiviteti seksual rritet n\u00eb muajin e festave. T\u00eb gjith\u00eb i duam p\u00ebrqafimet dim\u00ebrore!<\/p>\n<p>N\u00eb fakt, sezoni festiv ishte 50 p\u00ebrqind m\u00eb popullor p\u00ebr marr\u00ebdh\u00ebnie intime sesa dita e Sh\u00ebn Valentinit!<\/p>\n<p>34 p\u00ebrqind e njer\u00ebzve than\u00eb se Krishtlindjet i vendosin m\u00eb s\u00eb shumti n\u00eb humor romantik. N\u00eb nj\u00eb sondazh t\u00eb kryer nga Mattress Online, vet\u00ebm 18 p\u00ebr qind e njer\u00ebzve mendonin se Dita e Sh\u00ebn Valentinit ishte festa m\u00eb seksi. Kjo u ndoq shpejt me 17 p\u00ebrqind q\u00eb than\u00eb se dit\u00eblindjet ishin dita m\u00eb e mir\u00eb.<\/p>\n<p>N\u00ebnt\u00eb p\u00ebrqind ishin gati p\u00ebr Vitin e Ri dhe shtat\u00eb p\u00ebrqind n\u00eb Halloween. \u00c7udit\u00ebrisht, 3 p\u00ebr qind menduan se ishte e p\u00ebrshtatshme n\u00eb Dit\u00ebn e N\u00ebn\u00ebs ose t\u00eb Babait.<\/p>\n","protected":false},"excerpt":{"rendered":"<p>Mund t\u00eb jet\u00eb ftoht\u00eb jasht\u00eb, por gj\u00ebrat mund t\u00eb b\u00ebhen t\u00eb nxehta p\u00ebr shum\u00eb brenda sht\u00ebpis\u00eb. Nj\u00eb sondazh i ri zbulon se shtat\u00eb n\u00eb 10 t\u00eb rritur zakonisht kryejn\u00eb marr\u00ebdh\u00ebnie n\u00eb dit\u00ebn e Krishtlindjes. \u201cSipas Qendr\u00ebs Komb\u00ebtare p\u00ebr Statistikat Sh\u00ebndet\u00ebsore, muajt gusht dhe shtator kan\u00eb m\u00eb shum\u00eb lindje \u00e7do vit\u201d, thot\u00eb Fred Petrenko i EdenFantasys<\/p>\n","protected":false},"author":1,"featured_media":9686,"comment_status":"open","ping_status":"open","sticky":false,"template":"","format":"standard","meta":{"footnotes":""},"categories":[2],"tags":[],"class_list":{"0":"post-9685","1":"post","2":"type-post","3":"status-publish","4":"format-standard","5":"has-post-thumbnail","7":"category-lifestyle"},"_links":{"self":[{"href":"https:\/\/revistatrend.com\/index.php\/wp-json\/wp\/v2\/posts\/9685","targetHints":{"allow":["GET"]}}],"collection":[{"href":"https:\/\/revistatrend.com\/index.php\/wp-json\/wp\/v2\/posts"}],"about":[{"href":"https:\/\/revistatrend.com\/index.php\/wp-json\/wp\/v2\/types\/post"}],"author":[{"embeddable":true,"href":"https:\/\/revistatrend.com\/index.php\/wp-json\/wp\/v2\/users\/1"}],"replies":[{"embeddable":true,"href":"https:\/\/revistatrend.com\/index.php\/wp-json\/wp\/v2\/comments?post=9685"}],"version-history":[{"count":1,"href":"https:\/\/revistatrend.com\/index.php\/wp-json\/wp\/v2\/posts\/9685\/revisions"}],"predecessor-version":[{"id":9687,"href":"https:\/\/revistatrend.com\/index.php\/wp-json\/wp\/v2\/posts\/9685\/revisions\/9687"}],"wp:featuredmedia":[{"embeddable":true,"href":"https:\/\/revistatrend.com\/index.php\/wp-json\/wp\/v2\/media\/9686"}],"wp:attachment":[{"href":"https:\/\/revistatrend.com\/index.php\/wp-json\/wp\/v2\/media?parent=9685"}],"wp:term":[{"taxonomy":"category","embeddable":true,"href":"https:\/\/revistatrend.com\/index.php\/wp-json\/wp\/v2\/categories?post=9685"},{"taxonomy":"post_tag","embeddable":true,"href":"https:\/\/revistatrend.com\/index.php\/wp-json\/wp\/v2\/tags?post=9685"}],"curies":[{"name":"wp","href":"https:\/\/api.w.org\/{rel}","templated":true}]}}