{"id":9767,"date":"2024-12-11T17:26:51","date_gmt":"2024-12-11T17:26:51","guid":{"rendered":"https:\/\/revistatrend.com\/?p=9767"},"modified":"2024-12-11T17:27:00","modified_gmt":"2024-12-11T17:27:00","slug":"nje-sqarim-per-te-gjithe-rozana-radi-flet-per-raportin-me-sany-n","status":"publish","type":"post","link":"https:\/\/revistatrend.com\/index.php\/2024\/12\/11\/nje-sqarim-per-te-gjithe-rozana-radi-flet-per-raportin-me-sany-n\/","title":{"rendered":"&#8220;Nj\u00eb sqarim p\u00ebr t\u00eb gjith\u00eb&#8230;&#8221;\/ Rozana Radi flet p\u00ebr raportin me Sany-n!"},"content":{"rendered":"<p>Rozana Radi dhe Sany Dimitri triumfuan n\u00eb gar\u00ebn e \u201cK\u00ebng\u00ebs Magjike\u201d me \u201cAkoma\u201d.<\/p>\n<p>Ajo nuk la m\u00ebnjan\u00eb as nj\u00eb sqarim p\u00ebr lajmet e aludimet q\u00eb kan\u00eb qarkulluar p\u00ebr shkak t\u00eb performanc\u00ebs s\u00eb saj me Sany se ka nj\u00eb raport personal mes tyre. Mes fituesve t\u00eb \u201cK\u00ebng\u00ebs Magjike 2024\u201d s\u2019ka asgj\u00eb ve\u00e7 sken\u00ebs e artit.<\/p>\n<p>Rozana Radi: Do t\u00eb doja t\u00eb sqaroja nj\u00eb kle\u00e7k\u00eb t\u00eb vog\u00ebl: un\u00eb me Sany nuk jemi t\u00eb dashur, nuk jemi burr\u00eb e grua, nuk jemi asgj\u00eb. Kemi ndar\u00eb vet\u00ebm sken\u00ebn, asgj\u00eb tjet\u00ebr, sa p\u00ebr sqarim p\u00ebr t\u00eb gjith\u00eb. Kjo mbaroi kjo gj\u00ebja k\u00ebtu. Ju falenderoj t\u00eb gjith\u00ebve p\u00ebr mund\u00ebsin\u00eb q\u00eb na dhat\u00eb t\u00eb ndihemi n\u00eb \u2018backstage\u2019 si artist\u00eb europian\u00eb. Faleminderit shum\u00eb!<\/p>\n","protected":false},"excerpt":{"rendered":"<p>Rozana Radi dhe Sany Dimitri triumfuan n\u00eb gar\u00ebn e \u201cK\u00ebng\u00ebs Magjike\u201d me \u201cAkoma\u201d. Ajo nuk la m\u00ebnjan\u00eb as nj\u00eb sqarim p\u00ebr lajmet e aludimet q\u00eb kan\u00eb qarkulluar p\u00ebr shkak t\u00eb performanc\u00ebs s\u00eb saj me Sany se ka nj\u00eb raport personal mes tyre. Mes fituesve t\u00eb \u201cK\u00ebng\u00ebs Magjike 2024\u201d s\u2019ka asgj\u00eb ve\u00e7 sken\u00ebs e artit. Rozana<\/p>\n","protected":false},"author":1,"featured_media":9768,"comment_status":"open","ping_status":"open","sticky":false,"template":"","format":"standard","meta":{"footnotes":""},"categories":[10],"tags":[],"class_list":{"0":"post-9767","1":"post","2":"type-post","3":"status-publish","4":"format-standard","5":"has-post-thumbnail","7":"category-showbiz"},"_links":{"self":[{"href":"https:\/\/revistatrend.com\/index.php\/wp-json\/wp\/v2\/posts\/9767","targetHints":{"allow":["GET"]}}],"collection":[{"href":"https:\/\/revistatrend.com\/index.php\/wp-json\/wp\/v2\/posts"}],"about":[{"href":"https:\/\/revistatrend.com\/index.php\/wp-json\/wp\/v2\/types\/post"}],"author":[{"embeddable":true,"href":"https:\/\/revistatrend.com\/index.php\/wp-json\/wp\/v2\/users\/1"}],"replies":[{"embeddable":true,"href":"https:\/\/revistatrend.com\/index.php\/wp-json\/wp\/v2\/comments?post=9767"}],"version-history":[{"count":1,"href":"https:\/\/revistatrend.com\/index.php\/wp-json\/wp\/v2\/posts\/9767\/revisions"}],"predecessor-version":[{"id":9769,"href":"https:\/\/revistatrend.com\/index.php\/wp-json\/wp\/v2\/posts\/9767\/revisions\/9769"}],"wp:featuredmedia":[{"embeddable":true,"href":"https:\/\/revistatrend.com\/index.php\/wp-json\/wp\/v2\/media\/9768"}],"wp:attachment":[{"href":"https:\/\/revistatrend.com\/index.php\/wp-json\/wp\/v2\/media?parent=9767"}],"wp:term":[{"taxonomy":"category","embeddable":true,"href":"https:\/\/revistatrend.com\/index.php\/wp-json\/wp\/v2\/categories?post=9767"},{"taxonomy":"post_tag","embeddable":true,"href":"https:\/\/revistatrend.com\/index.php\/wp-json\/wp\/v2\/tags?post=9767"}],"curies":[{"name":"wp","href":"https:\/\/api.w.org\/{rel}","templated":true}]}}