{"id":9782,"date":"2024-12-13T15:53:12","date_gmt":"2024-12-13T15:53:12","guid":{"rendered":"https:\/\/revistatrend.com\/?p=9782"},"modified":"2024-12-13T15:53:12","modified_gmt":"2024-12-13T15:53:12","slug":"cdo-kenge-i-kam-marre-maksimumin-rozana-radi-i-pergjigjet-kritikave-cmimet-nuk-kane-rendesi-por-emri-qe-le-pas","status":"publish","type":"post","link":"https:\/\/revistatrend.com\/index.php\/2024\/12\/13\/cdo-kenge-i-kam-marre-maksimumin-rozana-radi-i-pergjigjet-kritikave-cmimet-nuk-kane-rendesi-por-emri-qe-le-pas\/","title":{"rendered":"&#8220;\u00c7do k\u00ebnge i kam marr\u00eb maksimumin&#8221;\/ Rozana Radi i p\u00ebrgjigjet kritikave: \u00c7mimet nuk kan\u00eb r\u00ebnd\u00ebsi por emri q\u00eb l\u00eb pas!"},"content":{"rendered":"<p>Artistja e njohur shqiptare, Rozana Radi, ka ardhur me nj\u00eb rr\u00ebfim ndryshe p\u00ebr tekstet dhe k\u00ebng\u00ebt e saj.<\/p>\n<p>E ftuar n\u00eb \u201cTop Albania Radio\u201d, s\u00eb bashku me artistin grek, Sany Dimitri, ajo tregon se \u00e7far\u00eb ka kaluar dhe cili \u00ebsht\u00eb q\u00ebllimi i saj n\u00eb jet\u00eb.<\/p>\n<p>\u201cI kam marr\u00eb gjith\u00eb t\u00eb mirtat k\u00ebsaj jete jo t\u00eb qet\u00eb. Jam e ndjeshme, por jam dhe shum\u00eb e fort\u00eb. N\u00eb t\u00eb gjitha tekstet e mia ka 70% t\u00eb Rozan\u00ebs s\u00eb v\u00ebrtet\u00eb. \u00c7do k\u00ebnge i kam marr\u00eb maksimumi. \u00c7do loti, \u00e7do mundimi, \u00e7do pagjum\u00ebsie, \u00e7do drith\u00ebrime i kam marr\u00eb 100% tim. M\u00eb beso, q\u00eb \u00e7do k\u00ebng\u00eb q\u00eb k\u00ebndohet, flas p\u00ebr k\u00ebng\u00ebtar\u00eb q\u00eb din\u00eb ta interpretojn\u00eb, sepse ka pasur tekste q\u00eb i kam shkruar me gjith\u00eb shpirt dhe k\u00ebng\u00ebtar\u00ebt m\u2019i kan\u00eb hedhur n\u00eb kosh t\u00eb plehrave, sepse \u00ebsht\u00eb ajo q\u00eb thash\u00eb, se sa e p\u00ebr\u00e7on ti emocionin te nj\u00eb spektator. Se mund t\u00eb jet\u00eb nj\u00eb k\u00ebng\u00eb shum\u00eb e bukur, e k\u00ebndon Adele. Kur e k\u00ebndon Rozana Radi, Rozana Radi s\u2019i ka tonet e Adele, nuk shkon t\u00eb k\u00ebndoj\u00eb Adele, por ka k\u00ebng\u00ebtar\u00eb q\u00eb e k\u00ebndojn\u00eb dhe ia shkat\u00ebrrojn\u00eb k\u00ebng\u00ebn. Un\u00eb mendoj se jam 100% e v\u00ebrtet\u00eb n\u00eb tekstet e mia koh\u00ebt e fundit, por dikur kam qen\u00eb 70%. Un\u00eb i kam kaluar mbi shpin\u00eb. Shpatullat e mia kan\u00eb kaluar shum\u00eb, shpresoj q\u00eb t\u00eb mbajn\u00eb akoma, do vazhdoj t\u00eb shkruaj t\u00eb v\u00ebrteta dhe gj\u00ebra t\u00eb jetuara.<\/p>\n<p>Un\u00eb dua t\u00eb mbaj nj\u00eb mbiem\u00ebr t\u00eb mir\u00eb. Ashtu si\u00e7 ia dedikova \u00e7mimin Frankos (Fran\u00e7esk Radit), nj\u00eb njeriu q\u00eb ka b\u00ebr\u00eb shum\u00eb p\u00ebr muzik\u00ebn, n\u00eb at\u00eb sken\u00eb ku Frankon e kan\u00eb goditur m\u00eb shum\u00eb, n\u00eb at\u00eb sken\u00eb dhe ku e kan\u00eb duartrokitur akoma m\u00eb shum\u00eb. N\u00eb at\u00eb sken\u00eb ku ai dha jet\u00ebn. Un\u00eb dua t\u00eb ngre mbiemrin e familjes Radi, t\u00eb \u00e7oj n\u00eb vend amanetin e tim ati. Nuk them se nuk i dua \u00e7mimet. Ato jan\u00eb nj\u00eb CV shum\u00eb e mir\u00eb p\u00ebr nj\u00eb artist. Nuk jan\u00eb gjith\u00e7ka. Mua m\u00eb p\u00eblqejn\u00eb shum\u00eb garat n\u00eb jet\u00eb, m\u00eb p\u00eblqen t\u00eb fitoj, por jam nj\u00eb njeri i drejt\u00eb dhe them se kush e meriton, le ta marr\u00eb. N\u00eb jet\u00eb dua q\u00eb t\u00eb b\u00ebhem nj\u00eb njeri i mir\u00eb, q\u00eb t\u00eb m\u00eb duan si njeri, pastaj si artiste\u201d, shprehet artistja.<\/p>\n","protected":false},"excerpt":{"rendered":"<p>Artistja e njohur shqiptare, Rozana Radi, ka ardhur me nj\u00eb rr\u00ebfim ndryshe p\u00ebr tekstet dhe k\u00ebng\u00ebt e saj. E ftuar n\u00eb \u201cTop Albania Radio\u201d, s\u00eb bashku me artistin grek, Sany Dimitri, ajo tregon se \u00e7far\u00eb ka kaluar dhe cili \u00ebsht\u00eb q\u00ebllimi i saj n\u00eb jet\u00eb. \u201cI kam marr\u00eb gjith\u00eb t\u00eb mirtat k\u00ebsaj jete jo t\u00eb<\/p>\n","protected":false},"author":1,"featured_media":9783,"comment_status":"open","ping_status":"open","sticky":false,"template":"","format":"standard","meta":{"footnotes":""},"categories":[10],"tags":[],"class_list":{"0":"post-9782","1":"post","2":"type-post","3":"status-publish","4":"format-standard","5":"has-post-thumbnail","7":"category-showbiz"},"_links":{"self":[{"href":"https:\/\/revistatrend.com\/index.php\/wp-json\/wp\/v2\/posts\/9782","targetHints":{"allow":["GET"]}}],"collection":[{"href":"https:\/\/revistatrend.com\/index.php\/wp-json\/wp\/v2\/posts"}],"about":[{"href":"https:\/\/revistatrend.com\/index.php\/wp-json\/wp\/v2\/types\/post"}],"author":[{"embeddable":true,"href":"https:\/\/revistatrend.com\/index.php\/wp-json\/wp\/v2\/users\/1"}],"replies":[{"embeddable":true,"href":"https:\/\/revistatrend.com\/index.php\/wp-json\/wp\/v2\/comments?post=9782"}],"version-history":[{"count":1,"href":"https:\/\/revistatrend.com\/index.php\/wp-json\/wp\/v2\/posts\/9782\/revisions"}],"predecessor-version":[{"id":9784,"href":"https:\/\/revistatrend.com\/index.php\/wp-json\/wp\/v2\/posts\/9782\/revisions\/9784"}],"wp:featuredmedia":[{"embeddable":true,"href":"https:\/\/revistatrend.com\/index.php\/wp-json\/wp\/v2\/media\/9783"}],"wp:attachment":[{"href":"https:\/\/revistatrend.com\/index.php\/wp-json\/wp\/v2\/media?parent=9782"}],"wp:term":[{"taxonomy":"category","embeddable":true,"href":"https:\/\/revistatrend.com\/index.php\/wp-json\/wp\/v2\/categories?post=9782"},{"taxonomy":"post_tag","embeddable":true,"href":"https:\/\/revistatrend.com\/index.php\/wp-json\/wp\/v2\/tags?post=9782"}],"curies":[{"name":"wp","href":"https:\/\/api.w.org\/{rel}","templated":true}]}}