{"id":9798,"date":"2024-12-14T18:01:10","date_gmt":"2024-12-14T18:01:10","guid":{"rendered":"https:\/\/revistatrend.com\/?p=9798"},"modified":"2024-12-14T18:01:10","modified_gmt":"2024-12-14T18:01:10","slug":"video-qe-po-ben-xhiron-ne-rrjet-kusherira-e-parashqevi-simakut-sqaron-situaten-nuk-eshte-e-kthjellet","status":"publish","type":"post","link":"https:\/\/revistatrend.com\/index.php\/2024\/12\/14\/video-qe-po-ben-xhiron-ne-rrjet-kusherira-e-parashqevi-simakut-sqaron-situaten-nuk-eshte-e-kthjellet\/","title":{"rendered":"Video q\u00eb po b\u00ebn xhiron n\u00eb rrjet! Kush\u00ebrira e Parashqevi Simakut sqaron situat\u00ebn: Nuk \u00ebsht\u00eb e kthjell\u00ebt!"},"content":{"rendered":"<p>Parashqevi Simaku, artistja e madhe e muzik\u00ebs shqiptare n\u00eb vitet \u201980, ka prekur zemrat e shqiptar\u00ebve pas nj\u00eb video virale. E ndodhur n\u00eb Amerik\u00eb, ajo u b\u00eb pjes\u00eb e nj\u00eb kronike tek emisioni m\u00eb popullor atje, \u201dABC7\u201d, dhe shkaktoi shum\u00eb trishtim tek shqiptar\u00ebt q\u00eb pan\u00eb gjendjen n\u00eb t\u00eb cil\u00ebn ndodhej ikona e muzik\u00ebs s\u00eb atyre viteve.<\/p>\n<p>Gruaja u paraqit n\u00ebn emrin \u201cSimaku Nolfe\u201d, t\u00eb cilin dhe nga k\u00ebrkimet n\u00eb rrjetin social Facebook, mund ta dallosh qart\u00ebsisht se i p\u00ebrket pik\u00ebrisht Parashqevi Simakut.<\/p>\n<p>N\u00eb nj\u00eb mesazh t\u00eb d\u00ebrguar n\u00eb llogarin\u00eb e gazetares Mira Kazhani, e af\u00ebrmja e Parashqevis\u00eb, shpjegon se artistja vuan nga probleme sh\u00ebndet\u00ebsore dhe ka nevoj\u00eb p\u00ebr ndihm\u00ebn e duhur: \u201cNe kemi vite q\u00eb i kemi humbur kontaktet. Informacioni i fundit \u00ebsht\u00eb q\u00eb ka p\u00ebsuar hemorragji cerebrale dhe si pasoj\u00eb nuk \u00ebsht\u00eb shum\u00eb e kthjell\u00ebt\u201d.<\/p>\n<p>Kush\u00ebrira e saj ka treguar dhe fatkeq\u00ebsist\u00eb familjare q\u00eb kan\u00eb r\u00ebnduar mbi artisten vitet e fundit. \u201dMe bashk\u00ebshortin \u00ebsht\u00eb ndar\u00eb prej shum\u00eb koh\u00ebsh, por duke qen\u00eb se ai fitoi kujdestarin\u00eb mbi djalin e tyre, \u00ebsht\u00eb detyruar t\u00eb vazhdoj\u00eb jetes\u00ebn n\u00eb Amerik\u00eb p\u00ebr t\u2019i q\u00ebndruar pran\u00eb djalit. Mamaja e saj vdiq totalisht e vetme vjet dhe me lot n\u00eb sy p\u00ebr vajz\u00ebn\u201d.<\/p>\n","protected":false},"excerpt":{"rendered":"<p>Parashqevi Simaku, artistja e madhe e muzik\u00ebs shqiptare n\u00eb vitet \u201980, ka prekur zemrat e shqiptar\u00ebve pas nj\u00eb video virale. E ndodhur n\u00eb Amerik\u00eb, ajo u b\u00eb pjes\u00eb e nj\u00eb kronike tek emisioni m\u00eb popullor atje, \u201dABC7\u201d, dhe shkaktoi shum\u00eb trishtim tek shqiptar\u00ebt q\u00eb pan\u00eb gjendjen n\u00eb t\u00eb cil\u00ebn ndodhej ikona e muzik\u00ebs s\u00eb atyre<\/p>\n","protected":false},"author":1,"featured_media":9799,"comment_status":"open","ping_status":"open","sticky":false,"template":"","format":"standard","meta":{"footnotes":""},"categories":[10],"tags":[],"class_list":{"0":"post-9798","1":"post","2":"type-post","3":"status-publish","4":"format-standard","5":"has-post-thumbnail","7":"category-showbiz"},"_links":{"self":[{"href":"https:\/\/revistatrend.com\/index.php\/wp-json\/wp\/v2\/posts\/9798","targetHints":{"allow":["GET"]}}],"collection":[{"href":"https:\/\/revistatrend.com\/index.php\/wp-json\/wp\/v2\/posts"}],"about":[{"href":"https:\/\/revistatrend.com\/index.php\/wp-json\/wp\/v2\/types\/post"}],"author":[{"embeddable":true,"href":"https:\/\/revistatrend.com\/index.php\/wp-json\/wp\/v2\/users\/1"}],"replies":[{"embeddable":true,"href":"https:\/\/revistatrend.com\/index.php\/wp-json\/wp\/v2\/comments?post=9798"}],"version-history":[{"count":1,"href":"https:\/\/revistatrend.com\/index.php\/wp-json\/wp\/v2\/posts\/9798\/revisions"}],"predecessor-version":[{"id":9800,"href":"https:\/\/revistatrend.com\/index.php\/wp-json\/wp\/v2\/posts\/9798\/revisions\/9800"}],"wp:featuredmedia":[{"embeddable":true,"href":"https:\/\/revistatrend.com\/index.php\/wp-json\/wp\/v2\/media\/9799"}],"wp:attachment":[{"href":"https:\/\/revistatrend.com\/index.php\/wp-json\/wp\/v2\/media?parent=9798"}],"wp:term":[{"taxonomy":"category","embeddable":true,"href":"https:\/\/revistatrend.com\/index.php\/wp-json\/wp\/v2\/categories?post=9798"},{"taxonomy":"post_tag","embeddable":true,"href":"https:\/\/revistatrend.com\/index.php\/wp-json\/wp\/v2\/tags?post=9798"}],"curies":[{"name":"wp","href":"https:\/\/api.w.org\/{rel}","templated":true}]}}