{"id":9814,"date":"2024-12-16T16:56:58","date_gmt":"2024-12-16T16:56:58","guid":{"rendered":"https:\/\/revistatrend.com\/?p=9814"},"modified":"2024-12-16T16:56:58","modified_gmt":"2024-12-16T16:56:58","slug":"cfare-po-ndodh-me-dyshen-e-showbizit-ledri-dhe-sara-kapen-mat-ne-kryeqytet","status":"publish","type":"post","link":"https:\/\/revistatrend.com\/index.php\/2024\/12\/16\/cfare-po-ndodh-me-dyshen-e-showbizit-ledri-dhe-sara-kapen-mat-ne-kryeqytet\/","title":{"rendered":"\u00c7far\u00eb po ndodh me dyshen e showbizit! Ledri dhe Sara kapen mat n\u00eb kryeqytet!"},"content":{"rendered":"<p>Ledri dhe Sara Hoxha jan\u00eb par\u00eb s\u00eb bashku n\u00eb zem\u00ebr t\u00eb Tiran\u00ebs, duke t\u00ebrhequr menj\u00ebher\u00eb v\u00ebmendjen e kalimtar\u00ebve n\u00eb zon\u00ebn e njohur t\u00eb Bllokut.<br \/>\nTakimi, i cili u zhvillua n\u00eb Rrug\u00ebn e Brigadave VIII, ka nxitur spekulime mbi marr\u00ebdh\u00ebnien aktuale mes tyre.<\/p>\n<p>Imazhet e publikuara n\u00eb rrjet tregojn\u00eb Ledrin duke mbajtur vajz\u00ebn e tyre, Poem Blu, n\u00eb krah, nd\u00ebrsa Sara, me nj\u00eb buz\u00ebqeshje n\u00eb fytyr\u00eb, mban nj\u00eb arush gjigand prej pellushi. Pamja e lumtur dhe e relaksuar e \u00e7iftit ka ngjallur pyetje n\u00ebse ky \u00ebsht\u00eb nj\u00eb takim me rastin e dit\u00eblindjes s\u00eb vajz\u00ebs s\u00eb tyre dit\u00ebn e djeshme.<\/p>\n<p>Pas ndarjes, jeta private e Ledrit ka qen\u00eb shpesh n\u00eb qend\u00ebr t\u00eb v\u00ebmendjes, ve\u00e7an\u00ebrisht p\u00ebr thashethemet mbi nj\u00eb lidhje t\u00eb re me Rina Zaiti. Megjithat\u00eb, reperi ka zgjedhur t\u00eb mos i komentoj\u00eb k\u00ebto z\u00ebra, duke i l\u00ebn\u00eb fansat n\u00eb pritje.<\/p>\n","protected":false},"excerpt":{"rendered":"<p>Ledri dhe Sara Hoxha jan\u00eb par\u00eb s\u00eb bashku n\u00eb zem\u00ebr t\u00eb Tiran\u00ebs, duke t\u00ebrhequr menj\u00ebher\u00eb v\u00ebmendjen e kalimtar\u00ebve n\u00eb zon\u00ebn e njohur t\u00eb Bllokut. Takimi, i cili u zhvillua n\u00eb Rrug\u00ebn e Brigadave VIII, ka nxitur spekulime mbi marr\u00ebdh\u00ebnien aktuale mes tyre. Imazhet e publikuara n\u00eb rrjet tregojn\u00eb Ledrin duke mbajtur vajz\u00ebn e tyre, Poem<\/p>\n","protected":false},"author":1,"featured_media":9815,"comment_status":"open","ping_status":"open","sticky":false,"template":"","format":"standard","meta":{"footnotes":""},"categories":[10],"tags":[],"class_list":{"0":"post-9814","1":"post","2":"type-post","3":"status-publish","4":"format-standard","5":"has-post-thumbnail","7":"category-showbiz"},"_links":{"self":[{"href":"https:\/\/revistatrend.com\/index.php\/wp-json\/wp\/v2\/posts\/9814","targetHints":{"allow":["GET"]}}],"collection":[{"href":"https:\/\/revistatrend.com\/index.php\/wp-json\/wp\/v2\/posts"}],"about":[{"href":"https:\/\/revistatrend.com\/index.php\/wp-json\/wp\/v2\/types\/post"}],"author":[{"embeddable":true,"href":"https:\/\/revistatrend.com\/index.php\/wp-json\/wp\/v2\/users\/1"}],"replies":[{"embeddable":true,"href":"https:\/\/revistatrend.com\/index.php\/wp-json\/wp\/v2\/comments?post=9814"}],"version-history":[{"count":1,"href":"https:\/\/revistatrend.com\/index.php\/wp-json\/wp\/v2\/posts\/9814\/revisions"}],"predecessor-version":[{"id":9816,"href":"https:\/\/revistatrend.com\/index.php\/wp-json\/wp\/v2\/posts\/9814\/revisions\/9816"}],"wp:featuredmedia":[{"embeddable":true,"href":"https:\/\/revistatrend.com\/index.php\/wp-json\/wp\/v2\/media\/9815"}],"wp:attachment":[{"href":"https:\/\/revistatrend.com\/index.php\/wp-json\/wp\/v2\/media?parent=9814"}],"wp:term":[{"taxonomy":"category","embeddable":true,"href":"https:\/\/revistatrend.com\/index.php\/wp-json\/wp\/v2\/categories?post=9814"},{"taxonomy":"post_tag","embeddable":true,"href":"https:\/\/revistatrend.com\/index.php\/wp-json\/wp\/v2\/tags?post=9814"}],"curies":[{"name":"wp","href":"https:\/\/api.w.org\/{rel}","templated":true}]}}