{"id":9817,"date":"2024-12-16T16:58:07","date_gmt":"2024-12-16T16:58:07","guid":{"rendered":"https:\/\/revistatrend.com\/?p=9817"},"modified":"2024-12-16T16:58:07","modified_gmt":"2024-12-16T16:58:07","slug":"duhet-te-vazhdoj-terapine-xhensila-myrtezaj-semuret-papritura-cfare-i-ndodhi-kengetares","status":"publish","type":"post","link":"https:\/\/revistatrend.com\/index.php\/2024\/12\/16\/duhet-te-vazhdoj-terapine-xhensila-myrtezaj-semuret-papritura-cfare-i-ndodhi-kengetares\/","title":{"rendered":"&#8220;Duhet t\u00eb vazhdoj terapin\u00eb&#8221;\/ Xhensila Myrtezaj s\u00ebmuret papritura! \u00c7far\u00eb i ndodhi k\u00ebng\u00ebtares!"},"content":{"rendered":"<p>Xhensila Myrtezaj ka njoftuar se \u00ebsht\u00eb detyruar t\u00eb anuloj\u00eb t\u00eb gjitha koncertet e saj p\u00ebr shkak t\u00eb nj\u00eb gjendjeje jo t\u00eb mir\u00eb sh\u00ebndet\u00ebsore.<br \/>\nN\u00eb nj\u00eb seri videosh t\u00eb publikuara n\u00eb Instagram, artistja ndau me fansat e saj detaje mbi k\u00ebt\u00eb situat\u00eb, duke treguar se aktualisht \u00ebsht\u00eb duke iu n\u00ebnshtruar nj\u00eb terapie mjek\u00ebsore dhe ka nevoj\u00eb p\u00ebr disa dit\u00eb pushim p\u00ebr t\u2019u rikuperuar.<\/p>\n<p>\u201cNuk kam anuluar kurr\u00eb m\u00eb par\u00eb nj\u00eb koncert apo event p\u00ebr arsye sh\u00ebndet\u00ebsore apo personale. Gjithmon\u00eb jam munduar t\u00eb jem e fort\u00eb, por ndonj\u00ebher\u00eb sh\u00ebndeti nuk pyet p\u00ebr vullnetin apo p\u00ebrkushtimin t\u00ebnd. Mjekja m\u00eb k\u00ebshilloi, m\u00eb sakt\u00eb m\u00eb urdh\u00ebroi, q\u00eb t\u00eb vazhdoj nj\u00eb terapi venoze dy her\u00eb n\u00eb dit\u00eb derisa t\u00eb rikuperohem plot\u00ebsisht. Kam besim q\u00eb kjo \u00ebsht\u00eb \u00e7\u00ebshtje dit\u00ebsh dhe do t\u00eb rikthehem m\u00eb e fort\u00eb se kurr\u00eb p\u00ebr t\u00eb vazhduar koncertet e radh\u00ebs. Ju jeni kura ime m\u00eb e mir\u00eb,\u201d- shprehet Xhensila.<\/p>\n","protected":false},"excerpt":{"rendered":"<p>Xhensila Myrtezaj ka njoftuar se \u00ebsht\u00eb detyruar t\u00eb anuloj\u00eb t\u00eb gjitha koncertet e saj p\u00ebr shkak t\u00eb nj\u00eb gjendjeje jo t\u00eb mir\u00eb sh\u00ebndet\u00ebsore. N\u00eb nj\u00eb seri videosh t\u00eb publikuara n\u00eb Instagram, artistja ndau me fansat e saj detaje mbi k\u00ebt\u00eb situat\u00eb, duke treguar se aktualisht \u00ebsht\u00eb duke iu n\u00ebnshtruar nj\u00eb terapie mjek\u00ebsore dhe ka nevoj\u00eb<\/p>\n","protected":false},"author":1,"featured_media":9818,"comment_status":"open","ping_status":"open","sticky":false,"template":"","format":"standard","meta":{"footnotes":""},"categories":[10],"tags":[],"class_list":{"0":"post-9817","1":"post","2":"type-post","3":"status-publish","4":"format-standard","5":"has-post-thumbnail","7":"category-showbiz"},"_links":{"self":[{"href":"https:\/\/revistatrend.com\/index.php\/wp-json\/wp\/v2\/posts\/9817","targetHints":{"allow":["GET"]}}],"collection":[{"href":"https:\/\/revistatrend.com\/index.php\/wp-json\/wp\/v2\/posts"}],"about":[{"href":"https:\/\/revistatrend.com\/index.php\/wp-json\/wp\/v2\/types\/post"}],"author":[{"embeddable":true,"href":"https:\/\/revistatrend.com\/index.php\/wp-json\/wp\/v2\/users\/1"}],"replies":[{"embeddable":true,"href":"https:\/\/revistatrend.com\/index.php\/wp-json\/wp\/v2\/comments?post=9817"}],"version-history":[{"count":1,"href":"https:\/\/revistatrend.com\/index.php\/wp-json\/wp\/v2\/posts\/9817\/revisions"}],"predecessor-version":[{"id":9819,"href":"https:\/\/revistatrend.com\/index.php\/wp-json\/wp\/v2\/posts\/9817\/revisions\/9819"}],"wp:featuredmedia":[{"embeddable":true,"href":"https:\/\/revistatrend.com\/index.php\/wp-json\/wp\/v2\/media\/9818"}],"wp:attachment":[{"href":"https:\/\/revistatrend.com\/index.php\/wp-json\/wp\/v2\/media?parent=9817"}],"wp:term":[{"taxonomy":"category","embeddable":true,"href":"https:\/\/revistatrend.com\/index.php\/wp-json\/wp\/v2\/categories?post=9817"},{"taxonomy":"post_tag","embeddable":true,"href":"https:\/\/revistatrend.com\/index.php\/wp-json\/wp\/v2\/tags?post=9817"}],"curies":[{"name":"wp","href":"https:\/\/api.w.org\/{rel}","templated":true}]}}