{"id":9826,"date":"2024-12-18T13:12:00","date_gmt":"2024-12-18T13:12:00","guid":{"rendered":"https:\/\/revistatrend.com\/?p=9826"},"modified":"2024-12-18T13:12:00","modified_gmt":"2024-12-18T13:12:00","slug":"perdoreni-cdo-dite-lekuren-e-banares-per-te-pare-mrekullira-ne-fytyren-tuaj","status":"publish","type":"post","link":"https:\/\/revistatrend.com\/index.php\/2024\/12\/18\/perdoreni-cdo-dite-lekuren-e-banares-per-te-pare-mrekullira-ne-fytyren-tuaj\/","title":{"rendered":"P\u00ebrdoreni \u00e7do dit\u00eb l\u00ebkur\u00ebn e banares p\u00ebr t\u00eb par\u00eb mrekullira n\u00eb fytyr\u00ebn tuaj!"},"content":{"rendered":"<p>Rrudhat dhe aknet kan\u00eb vetin\u00eb t\u00eb sh\u00ebmtojn\u00eb paraqitjen e jashtme t\u00eb l\u00ebkur\u00ebs dhe t\u00eb shkundin vet\u00ebbesimin e njeriut.<\/p>\n<p>Sigurisht q\u00eb problemet me l\u00ebkur\u00ebn mund t\u00eb trajtohen n\u00ebp\u00ebrmjet kurave t\u00eb ndryshme farmaceutike apo kozmetike, por p\u00ebrpara p\u00ebrdorimit t\u00eb tyre ekspert\u00ebt rekomandojn\u00eb trajtimet natyrale.<\/p>\n<p>I till\u00eb \u00ebsht\u00eb rasti i l\u00ebkur\u00ebs s\u00eb bananes. Merrni nj\u00eb pjes\u00eb t\u00eb l\u00ebkur\u00ebs s\u00eb bananes q\u00eb keni ngr\u00ebn\u00eb dhe lyejeni zon\u00ebn problematike t\u00eb l\u00ebkur\u00ebs deri sa pjesa e brendshme e saj t\u00eb marr\u00eb ngjyr\u00ebn kafe.<\/p>\n<p>P\u00ebrtharja e l\u00ebkur\u00ebs s\u00eb bananes n\u00ebnkupton q\u00eb l\u00ebkura juaj ka p\u00ebrthithur vitaminat dhe mineralet q\u00eb gjenden tek ky frut.<br \/>\nL\u00ebkur\u00ebn e bananes duhet ta mbani n\u00eb l\u00ebkur\u00eb p\u00ebr 30 minuta, ndaj n\u00eb aplikimin e k\u00ebsaj kure duhet t\u00eb q\u00ebndroni shtrir\u00eb.<\/p>\n<p>Pas gjys\u00ebm ore, lajeni fytyr\u00ebn me uj\u00eb t\u00eb vak\u00ebt. Ju mund t\u00eb zgjidhni ta b\u00ebni kur\u00ebn n\u00eb mbr\u00ebmje dhe ta lani fytyr\u00ebn n\u00eb m\u00ebngjes.<\/p>\n<p>Kur\u00ebn mund ta b\u00ebni edhe tre her\u00eb n\u00eb dit\u00eb. Aknet nuk zhduken dot brenda dit\u00ebs, k\u00ebt\u00eb mund tua premtoj\u00eb dikush q\u00eb ka nj\u00eb shkop magjik. Por p\u00ebrdorimi disa ditor i l\u00ebkur\u00ebs s\u00eb bananes do t\u00eb b\u00ebj\u00eb nj\u00eb ndryshim t\u00eb madh n\u00eb l\u00ebkur\u00ebn tuaj dhe n\u00eb eliminimin e akneve.<\/p>\n","protected":false},"excerpt":{"rendered":"<p>Rrudhat dhe aknet kan\u00eb vetin\u00eb t\u00eb sh\u00ebmtojn\u00eb paraqitjen e jashtme t\u00eb l\u00ebkur\u00ebs dhe t\u00eb shkundin vet\u00ebbesimin e njeriut. Sigurisht q\u00eb problemet me l\u00ebkur\u00ebn mund t\u00eb trajtohen n\u00ebp\u00ebrmjet kurave t\u00eb ndryshme farmaceutike apo kozmetike, por p\u00ebrpara p\u00ebrdorimit t\u00eb tyre ekspert\u00ebt rekomandojn\u00eb trajtimet natyrale. I till\u00eb \u00ebsht\u00eb rasti i l\u00ebkur\u00ebs s\u00eb bananes. Merrni nj\u00eb pjes\u00eb t\u00eb l\u00ebkur\u00ebs<\/p>\n","protected":false},"author":1,"featured_media":9827,"comment_status":"open","ping_status":"open","sticky":false,"template":"","format":"standard","meta":{"footnotes":""},"categories":[31],"tags":[],"class_list":{"0":"post-9826","1":"post","2":"type-post","3":"status-publish","4":"format-standard","5":"has-post-thumbnail","7":"category-health-beauty"},"_links":{"self":[{"href":"https:\/\/revistatrend.com\/index.php\/wp-json\/wp\/v2\/posts\/9826","targetHints":{"allow":["GET"]}}],"collection":[{"href":"https:\/\/revistatrend.com\/index.php\/wp-json\/wp\/v2\/posts"}],"about":[{"href":"https:\/\/revistatrend.com\/index.php\/wp-json\/wp\/v2\/types\/post"}],"author":[{"embeddable":true,"href":"https:\/\/revistatrend.com\/index.php\/wp-json\/wp\/v2\/users\/1"}],"replies":[{"embeddable":true,"href":"https:\/\/revistatrend.com\/index.php\/wp-json\/wp\/v2\/comments?post=9826"}],"version-history":[{"count":1,"href":"https:\/\/revistatrend.com\/index.php\/wp-json\/wp\/v2\/posts\/9826\/revisions"}],"predecessor-version":[{"id":9828,"href":"https:\/\/revistatrend.com\/index.php\/wp-json\/wp\/v2\/posts\/9826\/revisions\/9828"}],"wp:featuredmedia":[{"embeddable":true,"href":"https:\/\/revistatrend.com\/index.php\/wp-json\/wp\/v2\/media\/9827"}],"wp:attachment":[{"href":"https:\/\/revistatrend.com\/index.php\/wp-json\/wp\/v2\/media?parent=9826"}],"wp:term":[{"taxonomy":"category","embeddable":true,"href":"https:\/\/revistatrend.com\/index.php\/wp-json\/wp\/v2\/categories?post=9826"},{"taxonomy":"post_tag","embeddable":true,"href":"https:\/\/revistatrend.com\/index.php\/wp-json\/wp\/v2\/tags?post=9826"}],"curies":[{"name":"wp","href":"https:\/\/api.w.org\/{rel}","templated":true}]}}