{"id":9945,"date":"2024-12-26T15:27:28","date_gmt":"2024-12-26T15:27:28","guid":{"rendered":"https:\/\/revistatrend.com\/?p=9945"},"modified":"2024-12-26T15:27:28","modified_gmt":"2024-12-26T15:27:28","slug":"e-humba-per-11-vite-blendi-fevziu-rrefen-per-here-te-pare-historine-e-dashurise-me-bashkeshorten","status":"publish","type":"post","link":"https:\/\/revistatrend.com\/index.php\/2024\/12\/26\/e-humba-per-11-vite-blendi-fevziu-rrefen-per-here-te-pare-historine-e-dashurise-me-bashkeshorten\/","title":{"rendered":"&#8220;E humba p\u00ebr 11 vite&#8230;&#8221;\/ Blendi Fevziu rr\u00ebfen p\u00ebr her\u00eb t\u00eb par\u00eb historin\u00eb e dashuris\u00eb me bashk\u00ebshorten!"},"content":{"rendered":"<p>Gazetari Blendi Fevziu p\u00ebr revist\u00ebn \u2018Class&#8217; i \u00ebsht\u00eb p\u00ebrgjigjur \u2018100 pyetjeve\u2019 t\u00eb ndryshme mbi profesionin e tij si gazetar, por nuk kan\u00eb munguar edhe pyetjet p\u00ebr jet\u00ebn e tij private.<\/p>\n<p>N\u00eb k\u00ebt\u00eb intervist\u00eb ai p\u00ebr her\u00eb t\u00eb par\u00eb ka rr\u00ebfyer di\u00e7ka m\u00eb shum\u00eb p\u00ebr bashk\u00ebshorten e tij, Ines si dhe p\u00ebr dy vajzat e tij. Si\u00e7 \u00ebsht\u00eb shprehur dhe Fevziu,<br \/>\nInes ka zgjedhur q\u00eb t\u00eb ruaj nj\u00eb profil t\u00eb ul\u00ebt publik dhe sipas gazetarit kjo \u00ebsht\u00eb nj\u00eb nga arsyet se p\u00ebrse marr\u00ebdh\u00ebnia e tyre ka funksionuar gjith\u00eb k\u00ebto vite.<\/p>\n<p>Blendi Fevziu m\u00eb pas \u00ebsht\u00eb pyetur dhe p\u00ebr historin\u00eb e tyre t\u00eb dashuris\u00eb, e cila rezultoi t\u00eb jet\u00eb nj\u00eb rast\u00ebsi e bukur e fatit, pasi sipas tij ata jan\u00eb dashuruar me shikim t\u00eb par\u00eb, por u \u00ebsht\u00eb dashur t\u00eb presin 11 vite q\u00eb t\u00eb ritakoheshin dhe t\u00eb krijonin lidhjen e tyre.<\/p>\n<p>\u201cE kam njohur nga miq t\u00eb p\u00ebrbashk\u00ebt n\u00eb at\u00eb q\u00eb njihej si Bordura e Hotel Dajtit kur ajo ishte 15 vje\u00e7 dhe un\u00eb student i vitit t\u00eb par\u00eb. M\u00eb b\u00ebn\u00eb shum\u00eb p\u00ebrshtypje syt\u00eb. Q\u00eb nga ajo koh\u00eb e humba dhe e ritakova pas m\u00eb shum\u00eb se 11 vitesh. S\u00ebrish rast\u00ebsisht\u201d, ka treguar ai.<\/p>\n","protected":false},"excerpt":{"rendered":"<p>Gazetari Blendi Fevziu p\u00ebr revist\u00ebn \u2018Class&#8217; i \u00ebsht\u00eb p\u00ebrgjigjur \u2018100 pyetjeve\u2019 t\u00eb ndryshme mbi profesionin e tij si gazetar, por nuk kan\u00eb munguar edhe pyetjet p\u00ebr jet\u00ebn e tij private. N\u00eb k\u00ebt\u00eb intervist\u00eb ai p\u00ebr her\u00eb t\u00eb par\u00eb ka rr\u00ebfyer di\u00e7ka m\u00eb shum\u00eb p\u00ebr bashk\u00ebshorten e tij, Ines si dhe p\u00ebr dy vajzat e tij.<\/p>\n","protected":false},"author":1,"featured_media":9946,"comment_status":"open","ping_status":"open","sticky":false,"template":"","format":"standard","meta":{"footnotes":""},"categories":[10],"tags":[],"class_list":{"0":"post-9945","1":"post","2":"type-post","3":"status-publish","4":"format-standard","5":"has-post-thumbnail","7":"category-showbiz"},"_links":{"self":[{"href":"https:\/\/revistatrend.com\/index.php\/wp-json\/wp\/v2\/posts\/9945","targetHints":{"allow":["GET"]}}],"collection":[{"href":"https:\/\/revistatrend.com\/index.php\/wp-json\/wp\/v2\/posts"}],"about":[{"href":"https:\/\/revistatrend.com\/index.php\/wp-json\/wp\/v2\/types\/post"}],"author":[{"embeddable":true,"href":"https:\/\/revistatrend.com\/index.php\/wp-json\/wp\/v2\/users\/1"}],"replies":[{"embeddable":true,"href":"https:\/\/revistatrend.com\/index.php\/wp-json\/wp\/v2\/comments?post=9945"}],"version-history":[{"count":1,"href":"https:\/\/revistatrend.com\/index.php\/wp-json\/wp\/v2\/posts\/9945\/revisions"}],"predecessor-version":[{"id":9947,"href":"https:\/\/revistatrend.com\/index.php\/wp-json\/wp\/v2\/posts\/9945\/revisions\/9947"}],"wp:featuredmedia":[{"embeddable":true,"href":"https:\/\/revistatrend.com\/index.php\/wp-json\/wp\/v2\/media\/9946"}],"wp:attachment":[{"href":"https:\/\/revistatrend.com\/index.php\/wp-json\/wp\/v2\/media?parent=9945"}],"wp:term":[{"taxonomy":"category","embeddable":true,"href":"https:\/\/revistatrend.com\/index.php\/wp-json\/wp\/v2\/categories?post=9945"},{"taxonomy":"post_tag","embeddable":true,"href":"https:\/\/revistatrend.com\/index.php\/wp-json\/wp\/v2\/tags?post=9945"}],"curies":[{"name":"wp","href":"https:\/\/api.w.org\/{rel}","templated":true}]}}