{"id":9958,"date":"2024-12-28T12:20:34","date_gmt":"2024-12-28T12:20:34","guid":{"rendered":"https:\/\/revistatrend.com\/?p=9958"},"modified":"2024-12-28T12:20:34","modified_gmt":"2024-12-28T12:20:34","slug":"ndarja-nga-olsi-bylyku-egli-faleminderit-qe-nuk-erdhi-ne-jete-ndonje-femije","status":"publish","type":"post","link":"https:\/\/revistatrend.com\/index.php\/2024\/12\/28\/ndarja-nga-olsi-bylyku-egli-faleminderit-qe-nuk-erdhi-ne-jete-ndonje-femije\/","title":{"rendered":"Ndarja nga Olsi Bylyku! Egli: Faleminderit q\u00eb nuk erdhi n\u00eb jet\u00eb ndonj\u00eb f\u00ebmij\u00eb!"},"content":{"rendered":"<p>Egli Tako ka folur p\u00ebr her\u00eb t\u00eb par\u00eb n\u00eb lidhje me ndarjen nga aktori Olsi Bylyku pas 5 vitesh marr\u00ebdh\u00ebnie.<br \/>\nAjo \u00ebsht\u00eb shprehur falenderuese q\u00eb n\u00eb momentin e fundit t\u00eb lidhjes nuk kishte ardhur n\u00eb jet\u00eb nj\u00eb f\u00ebmij\u00eb, si edhe s\u2019kishin b\u00ebr\u00eb martes\u00eb.<\/p>\n<p>\u201cM\u00eb mir\u00eb tani se sa m\u00eb von\u00eb. Faleminderit q\u00eb nuk ndodhi ndonj\u00eb ardhje n\u00eb jet\u00eb e nj\u00eb f\u00ebmije apo ndonj\u00eb martes\u00eb. Rritesh, njeh veten t\u00ebnde, ndonj\u00ebher\u00eb lodhesh, ndonj\u00ebher\u00eb lodhet dikush tjet\u00ebr\u201d, u shpreh Egli n\u00eb BBV.<\/p>\n<p>Ajo shtoi se ka zgjedhur respektin ndaj tij dhe mos t\u00eb mbaj\u00eb mend t\u00eb k\u00ebqijat.<\/p>\n<p>\u201cKam zgjedhur t\u00eb mos jap asnj\u00eb lloj forme. Kam respekt dhe kam zgjedhur mir\u00ebnjohjen. Kam zgjedhur t\u00eb jem njeriu q\u00eb do mbaj mend t\u00eb mirat, dhe at\u00eb t\u00eb keqen do ta mbaj p\u00ebr vete. K\u00ebt\u00eb e kam t\u00eb shenjt\u00eb dhe dua ta mbaj me veten time gjithmon\u00eb. P\u00ebr respekt t\u00eb 5 viteve\u201d, deklaroi ajo.<\/p>\n","protected":false},"excerpt":{"rendered":"<p>Egli Tako ka folur p\u00ebr her\u00eb t\u00eb par\u00eb n\u00eb lidhje me ndarjen nga aktori Olsi Bylyku pas 5 vitesh marr\u00ebdh\u00ebnie. Ajo \u00ebsht\u00eb shprehur falenderuese q\u00eb n\u00eb momentin e fundit t\u00eb lidhjes nuk kishte ardhur n\u00eb jet\u00eb nj\u00eb f\u00ebmij\u00eb, si edhe s\u2019kishin b\u00ebr\u00eb martes\u00eb. \u201cM\u00eb mir\u00eb tani se sa m\u00eb von\u00eb. Faleminderit q\u00eb nuk ndodhi ndonj\u00eb<\/p>\n","protected":false},"author":1,"featured_media":9959,"comment_status":"open","ping_status":"open","sticky":false,"template":"","format":"standard","meta":{"footnotes":""},"categories":[2],"tags":[],"class_list":{"0":"post-9958","1":"post","2":"type-post","3":"status-publish","4":"format-standard","5":"has-post-thumbnail","7":"category-lifestyle"},"_links":{"self":[{"href":"https:\/\/revistatrend.com\/index.php\/wp-json\/wp\/v2\/posts\/9958","targetHints":{"allow":["GET"]}}],"collection":[{"href":"https:\/\/revistatrend.com\/index.php\/wp-json\/wp\/v2\/posts"}],"about":[{"href":"https:\/\/revistatrend.com\/index.php\/wp-json\/wp\/v2\/types\/post"}],"author":[{"embeddable":true,"href":"https:\/\/revistatrend.com\/index.php\/wp-json\/wp\/v2\/users\/1"}],"replies":[{"embeddable":true,"href":"https:\/\/revistatrend.com\/index.php\/wp-json\/wp\/v2\/comments?post=9958"}],"version-history":[{"count":1,"href":"https:\/\/revistatrend.com\/index.php\/wp-json\/wp\/v2\/posts\/9958\/revisions"}],"predecessor-version":[{"id":9960,"href":"https:\/\/revistatrend.com\/index.php\/wp-json\/wp\/v2\/posts\/9958\/revisions\/9960"}],"wp:featuredmedia":[{"embeddable":true,"href":"https:\/\/revistatrend.com\/index.php\/wp-json\/wp\/v2\/media\/9959"}],"wp:attachment":[{"href":"https:\/\/revistatrend.com\/index.php\/wp-json\/wp\/v2\/media?parent=9958"}],"wp:term":[{"taxonomy":"category","embeddable":true,"href":"https:\/\/revistatrend.com\/index.php\/wp-json\/wp\/v2\/categories?post=9958"},{"taxonomy":"post_tag","embeddable":true,"href":"https:\/\/revistatrend.com\/index.php\/wp-json\/wp\/v2\/tags?post=9958"}],"curies":[{"name":"wp","href":"https:\/\/api.w.org\/{rel}","templated":true}]}}